{"@context":"https:\/\/schema.org\/","@type":"CollectionPage","@id":"https:\/\/www.danner.cz\/dum-a-byt\/#CollectionPage","headline":"D\u016fm a byt Category","description":"","url":"https:\/\/www.danner.cz\/dum-a-byt\/","hasPart":[{"@type":"Article","@id":"https:\/\/www.danner.cz\/objednejte-si-veterinare-az-k-vam-domu\/","headline":"Objednejte si veterin\u00e1\u0159e a\u017e k v\u00e1m dom\u016f!","url":"https:\/\/www.danner.cz\/objednejte-si-veterinare-az-k-vam-domu\/","datePublished":"2025-03-24","dateModified":"2025-03-24","mainEntityOfPage":"https:\/\/www.danner.cz\/objednejte-si-veterinare-az-k-vam-domu\/","author":{"@type":"Person","@id":"https:\/\/www.danner.cz\/author\/devene\/#Person","name":"devene","url":"https:\/\/www.danner.cz\/author\/devene\/","identifier":1,"image":{"@type":"ImageObject","@id":"https:\/\/secure.gravatar.com\/avatar\/01173f1da90dde8adb887d6793fa4e42c4004e53f8d645d9b1cb57c2dee8e188?s=96&d=mm&r=g","url":"https:\/\/secure.gravatar.com\/avatar\/01173f1da90dde8adb887d6793fa4e42c4004e53f8d645d9b1cb57c2dee8e188?s=96&d=mm&r=g","height":96,"width":96}},"publisher":{"@type":"Organization","name":"danner.cz","logo":{"@type":"ImageObject","@id":"\/logo.png","url":"\/logo.png","width":600,"height":60}},"image":{"@type":"ImageObject","@id":"https:\/\/www.danner.cz\/wp-content\/uploads\/werzk-luuuuuuu-tDlo2ZPlQlU-unsplash.jpg","url":"https:\/\/www.danner.cz\/wp-content\/uploads\/werzk-luuuuuuu-tDlo2ZPlQlU-unsplash.jpg","height":0,"width":0},"keywords":null},{"@type":"Article","@id":"https:\/\/www.danner.cz\/skutecne-je-pro-deti-vzdy-lepsi-bydlet-v-rodinnem-dome\/","headline":"Skute\u010dn\u011b je pro d\u011bti v\u017edy lep\u0161\u00ed bydlet v rodinn\u00e9m dom\u011b?","url":"https:\/\/www.danner.cz\/skutecne-je-pro-deti-vzdy-lepsi-bydlet-v-rodinnem-dome\/","datePublished":"2024-07-30","dateModified":"2024-07-30","mainEntityOfPage":"https:\/\/www.danner.cz\/skutecne-je-pro-deti-vzdy-lepsi-bydlet-v-rodinnem-dome\/","author":{"@type":"Person","@id":"https:\/\/www.danner.cz\/author\/devene\/#Person","name":"devene","url":"https:\/\/www.danner.cz\/author\/devene\/","identifier":1,"image":{"@type":"ImageObject","@id":"https:\/\/secure.gravatar.com\/avatar\/01173f1da90dde8adb887d6793fa4e42c4004e53f8d645d9b1cb57c2dee8e188?s=96&d=mm&r=g","url":"https:\/\/secure.gravatar.com\/avatar\/01173f1da90dde8adb887d6793fa4e42c4004e53f8d645d9b1cb57c2dee8e188?s=96&d=mm&r=g","height":96,"width":96}},"publisher":{"@type":"Organization","name":"danner.cz","logo":{"@type":"ImageObject","@id":"\/logo.png","url":"\/logo.png","width":600,"height":60}},"image":{"@type":"ImageObject","@id":"https:\/\/www.danner.cz\/wp-content\/uploads\/cteni2_7.jpg","url":"https:\/\/www.danner.cz\/wp-content\/uploads\/cteni2_7.jpg","height":0,"width":0},"keywords":null},{"@type":"Article","@id":"https:\/\/www.danner.cz\/plati-u-nemovitosti-ze-vetsi-je-lepsi\/","headline":"Plat\u00ed u nemovitost\u00ed, \u017ee v\u011bt\u0161\u00ed je lep\u0161\u00ed?","url":"https:\/\/www.danner.cz\/plati-u-nemovitosti-ze-vetsi-je-lepsi\/","datePublished":"2024-04-27","dateModified":"2024-04-27","mainEntityOfPage":"https:\/\/www.danner.cz\/plati-u-nemovitosti-ze-vetsi-je-lepsi\/","author":{"@type":"Person","@id":"https:\/\/www.danner.cz\/author\/devene\/#Person","name":"devene","url":"https:\/\/www.danner.cz\/author\/devene\/","identifier":1,"image":{"@type":"ImageObject","@id":"https:\/\/secure.gravatar.com\/avatar\/01173f1da90dde8adb887d6793fa4e42c4004e53f8d645d9b1cb57c2dee8e188?s=96&d=mm&r=g","url":"https:\/\/secure.gravatar.com\/avatar\/01173f1da90dde8adb887d6793fa4e42c4004e53f8d645d9b1cb57c2dee8e188?s=96&d=mm&r=g","height":96,"width":96}},"publisher":{"@type":"Organization","name":"danner.cz","logo":{"@type":"ImageObject","@id":"\/logo.png","url":"\/logo.png","width":600,"height":60}},"image":{"@type":"ImageObject","@id":"https:\/\/www.danner.cz\/wp-content\/uploads\/bydliste2_10_10.jpg","url":"https:\/\/www.danner.cz\/wp-content\/uploads\/bydliste2_10_10.jpg","height":0,"width":0},"keywords":null},{"@type":"Article","@id":"https:\/\/www.danner.cz\/co-je-vubec-hypoteka-bez-registru\/","headline":"Co je v\u016fbec hypot\u00e9ka bez registru","url":"https:\/\/www.danner.cz\/co-je-vubec-hypoteka-bez-registru\/","datePublished":"2020-01-24","dateModified":"2023-05-01","mainEntityOfPage":"https:\/\/www.danner.cz\/co-je-vubec-hypoteka-bez-registru\/","author":{"@type":"Person","@id":"https:\/\/www.danner.cz\/author\/devene\/#Person","name":"devene","url":"https:\/\/www.danner.cz\/author\/devene\/","identifier":1,"image":{"@type":"ImageObject","@id":"https:\/\/secure.gravatar.com\/avatar\/01173f1da90dde8adb887d6793fa4e42c4004e53f8d645d9b1cb57c2dee8e188?s=96&d=mm&r=g","url":"https:\/\/secure.gravatar.com\/avatar\/01173f1da90dde8adb887d6793fa4e42c4004e53f8d645d9b1cb57c2dee8e188?s=96&d=mm&r=g","height":96,"width":96}},"publisher":{"@type":"Organization","name":"danner.cz","logo":{"@type":"ImageObject","@id":"\/logo.png","url":"\/logo.png","width":600,"height":60}},"image":{"@type":"ImageObject","@id":"https:\/\/www.danner.cz\/wp-content\/uploads\/img_a376584_w4339_t1588074688.png","url":"https:\/\/www.danner.cz\/wp-content\/uploads\/img_a376584_w4339_t1588074688.png","height":0,"width":0},"keywords":null},{"@type":"Article","@id":"https:\/\/www.danner.cz\/jake-je-to-na-intru\/","headline":"Jak\u00e9 je to na intru?","url":"https:\/\/www.danner.cz\/jake-je-to-na-intru\/","datePublished":"2019-12-17","dateModified":"2023-05-01","mainEntityOfPage":"https:\/\/www.danner.cz\/jake-je-to-na-intru\/","author":{"@type":"Person","@id":"https:\/\/www.danner.cz\/author\/devene\/#Person","name":"devene","url":"https:\/\/www.danner.cz\/author\/devene\/","identifier":1,"image":{"@type":"ImageObject","@id":"https:\/\/secure.gravatar.com\/avatar\/01173f1da90dde8adb887d6793fa4e42c4004e53f8d645d9b1cb57c2dee8e188?s=96&d=mm&r=g","url":"https:\/\/secure.gravatar.com\/avatar\/01173f1da90dde8adb887d6793fa4e42c4004e53f8d645d9b1cb57c2dee8e188?s=96&d=mm&r=g","height":96,"width":96}},"publisher":{"@type":"Organization","name":"danner.cz","logo":{"@type":"ImageObject","@id":"\/logo.png","url":"\/logo.png","width":600,"height":60}},"image":{"@type":"ImageObject","@id":"https:\/\/www.danner.cz\/wp-content\/uploads\/img_a365513_w4339_t1578327011.jpg","url":"https:\/\/www.danner.cz\/wp-content\/uploads\/img_a365513_w4339_t1578327011.jpg","height":0,"width":0},"keywords":null}]}