[{"@context":"https:\/\/schema.org\/","@type":"Article","@id":"https:\/\/www.danner.cz\/hur-uz-bylo-bude-lip\/#Article","mainEntityOfPage":"https:\/\/www.danner.cz\/hur-uz-bylo-bude-lip\/","headline":"H\u016f\u0159 u\u017e bylo, bude l\u00edp","name":"H\u016f\u0159 u\u017e bylo, bude l\u00edp","description":"Pokud se pr\u00e1v\u011b nach\u00e1z\u00edte v situaci, kter\u00e1 pro v\u00e1s nen\u00ed p\u0159\u00edli\u0161 p\u0159\u00edjemn\u00e1 a nav\u00edc je...","datePublished":"2024-04-10","dateModified":"2024-04-10","author":{"@type":"Person","@id":"https:\/\/www.danner.cz\/author\/devene\/#Person","name":"devene","url":"https:\/\/www.danner.cz\/author\/devene\/","identifier":1,"image":{"@type":"ImageObject","@id":"https:\/\/secure.gravatar.com\/avatar\/01173f1da90dde8adb887d6793fa4e42c4004e53f8d645d9b1cb57c2dee8e188?s=96&d=mm&r=g","url":"https:\/\/secure.gravatar.com\/avatar\/01173f1da90dde8adb887d6793fa4e42c4004e53f8d645d9b1cb57c2dee8e188?s=96&d=mm&r=g","height":96,"width":96}},"publisher":{"@type":"Organization","name":"danner.cz","logo":{"@type":"ImageObject","@id":"\/logo.png","url":"\/logo.png","width":600,"height":60}},"url":"https:\/\/www.danner.cz\/hur-uz-bylo-bude-lip\/","wordCount":274,"articleBody":"Pokud se pr\u00e1v\u011b nach\u00e1z\u00edte v situaci, kter\u00e1 pro v\u00e1s nen\u00ed p\u0159\u00edli\u0161 p\u0159\u00edjemn\u00e1 a nav\u00edc je i docela slo\u017eit\u00e1, tak je t\u0159eba, aby v\u00e1m bylo pomo\u017eeno. Na druh\u00e9 stran\u011b zase m\u016f\u017eete od sv\u00e9 man\u017eelky ch\u00e1pat jako vst\u0159\u00edcn\u00fd krok to, \u017ee v\u00e1m nechala naprosto ve\u0161ker\u00e9 za\u0159\u00edzen\u00ed a vybaven\u00ed bytu. O vlastn\u00ed st\u0159echu nad hlavou jste sice p\u0159i\u0161el, ale nen\u00ed p\u0159ece je\u0161t\u011b v\u0161em dn\u016fm konec a ur\u010dit\u011b v dohledn\u00e9 dob\u011b svou situaci vy\u0159e\u0161\u00edte ke sv\u00e9 spokojenosti. Je d\u016fle\u017eit\u00e9, \u017ee v\u00e1s nenechali p\u0159\u00e1tel\u00e9 na holi\u010dk\u00e1ch a \u017ee si m\u00e1te kam uschovat ji\u017e zm\u00edn\u011bn\u00e9 za\u0159\u00edzen\u00ed a vybaven\u00ed bytu.\tVa\u0161i prek\u00e9rn\u00ed situaci vy\u0159e\u0161\u00edme, na n\u011b\u017e byste \u0159ekli: \u0161vecK vykl\u00edzen\u00ed bytu budete pot\u0159ebovat p\u00e1r siln\u00fdch rukou a tak\u00e9 mo\u017enost p\u0159epravy v\u0161ech v\u011bc\u00ed k na\u0161im p\u0159\u00e1tel\u016fm. A proto\u017ee vykl\u00edzen\u00ed je pr\u00e1v\u011b na\u0161e dom\u00e9na, kterou se krom\u011b dal\u0161\u00edch v\u011bc\u00ed souvisej\u00edc\u00edch s opravami, rekonstrukcemi a stavbami nemovitost\u00ed zab\u00fdv\u00e1me, r\u00e1di se ujmeme i va\u0161\u00ed problematiky. Je pouze t\u0159eba n\u00e1s kontaktovat, domluvit ur\u010dit\u00fd term\u00edn a ne\u017e se nad\u011bjete, budete m\u00edt ve\u0161ker\u00e9 za\u0159\u00edzen\u00ed a vybaven\u00ed bytu v \u00faschov\u011b u sv\u00fdch p\u0159\u00e1tel. A pak je t\u0159eba se \u0159\u00eddit p\u0159esn\u011b podle doporu\u010den\u00ed, \u017ee kdy\u017e n\u011bco kon\u010d\u00ed, n\u011bco nov\u00e9ho a leckdy i hez\u010d\u00edho za\u010d\u00edn\u00e1.                                                                                                                                                                                                                                                                                                                                                                                        4.4\/5 - (10 votes)        "},{"@context":"https:\/\/schema.org\/","@type":"BreadcrumbList","itemListElement":[{"@type":"ListItem","position":1,"name":"H\u016f\u0159 u\u017e bylo, bude l\u00edp","item":"https:\/\/www.danner.cz\/hur-uz-bylo-bude-lip\/#breadcrumbitem"}]}]