[{"@context":"https:\/\/schema.org\/","@type":"Article","@id":"https:\/\/www.danner.cz\/i-mala-kyticka-potesi\/#Article","mainEntityOfPage":"https:\/\/www.danner.cz\/i-mala-kyticka-potesi\/","headline":"I mal\u00e1 kyti\u010dka pot\u011b\u0161\u00ed","name":"I mal\u00e1 kyti\u010dka pot\u011b\u0161\u00ed","description":"Dalo by se \u0159\u00edci, \u017ee v tomto p\u0159\u00edpad\u011b to maj\u00ed tak trochu \u017eeny ve sv\u00fdch...","datePublished":"2020-05-02","dateModified":"2023-05-01","author":{"@type":"Person","@id":"https:\/\/www.danner.cz\/author\/devene\/#Person","name":"devene","url":"https:\/\/www.danner.cz\/author\/devene\/","identifier":1,"image":{"@type":"ImageObject","@id":"https:\/\/secure.gravatar.com\/avatar\/01173f1da90dde8adb887d6793fa4e42c4004e53f8d645d9b1cb57c2dee8e188?s=96&d=mm&r=g","url":"https:\/\/secure.gravatar.com\/avatar\/01173f1da90dde8adb887d6793fa4e42c4004e53f8d645d9b1cb57c2dee8e188?s=96&d=mm&r=g","height":96,"width":96}},"publisher":{"@type":"Organization","name":"danner.cz","logo":{"@type":"ImageObject","@id":"\/logo.png","url":"\/logo.png","width":600,"height":60}},"image":{"@type":"ImageObject","@id":"https:\/\/www.danner.cz\/wp-content\/uploads\/img_a378757_w4339_t1589969306.jpg","url":"https:\/\/www.danner.cz\/wp-content\/uploads\/img_a378757_w4339_t1589969306.jpg","height":0,"width":0},"url":"https:\/\/www.danner.cz\/i-mala-kyticka-potesi\/","about":["Produkty"],"wordCount":462,"articleBody":"       Dalo by se \u0159\u00edci, \u017ee v tomto p\u0159\u00edpad\u011b to maj\u00ed tak trochu \u017eeny ve sv\u00fdch rukou. Maj\u00ed toti\u017e zvl\u00e1\u0161tn\u00ed cit a smysl pro detail, kter\u00fd mnoh\u00fdm mu\u017e\u016fm chyb\u00ed. Dok\u00e1\u017e\u00ed pust\u00fdm a temn\u00fdm m\u00edst\u016fm vdechnout \u017eivot a mnohdy k tomu posta\u010d\u00ed jen drobn\u00fd z\u00e1sah v podob\u011b mal\u00e9 kyti\u010dky. Dokonce nemus\u00ed b\u00fdt \u017eiv\u00e1, ale posta\u010d\u00ed si na pomoc vz\u00edt su\u0161en\u00e9 kv\u011btiny. Maj\u00ed toti\u017e v sob\u011b potenci\u00e1l a vypadaj\u00ed velmi kr\u00e1sn\u011b. A to nejen ve v\u00e1zi\u010dce, ale svoji p\u0159irozenou kr\u00e1su uk\u00e1\u017e\u00ed i v r\u016fzn\u00fdch vazb\u00e1ch, v\u011bnc\u00edch nebo r\u016fzn\u00fdch dekorac\u00edch, kde maj\u00ed spolu\u00fa\u010dast p\u0159\u00edrodn\u00ed materi\u00e1ly. Nav\u00edc, kdo m\u00e1 \u0161ikovn\u00e9 ruce a fantazii, tak dok\u00e1\u017ee z rozli\u010dn\u00fdch kv\u011bt\u016f a drobn\u00fdch p\u0159\u00edrodn\u00edch pom\u016fcek vytvo\u0159it i vkusn\u00fd d\u00e1rek k r\u016fzn\u00fdm p\u0159\u00edle\u017eitostem.   Chce to ale kvalitn\u00ed materi\u00e1l Kdy\u017e dostaneme moment\u00e1ln\u00ed n\u00e1pad, \u017ee bychom mohli n\u011bco podobn\u00e9ho vytvo\u0159it, tak je pozd\u011b b\u011b\u017eet na louku a natrhat vhodn\u00e9 kv\u00edtky a traviny, p\u0159\u00edpadn\u011b cestou dom\u016f posb\u00edrat klac\u00ed\u010dky a podobn\u011b. Ne\u017e toti\u017e uschnou, tak to bude chv\u00edli trvat a to zrovna s rychl\u00fdm rozhodnut\u00edm moc spole\u010dn\u00e9ho nenajde. P\u0159esto ale nen\u00ed t\u0159eba truchlit nad t\u00edm, \u017ee jsme si takov\u00e9 v\u011bci m\u011bli p\u0159ipravit dop\u0159edu. V dne\u0161n\u00ed dob\u011b nen\u00ed toti\u017e probl\u00e9m si ve\u0161kerou dekoraci nakoupit a to v\u010detn\u011b r\u016fzn\u00fdch dopl\u0148k\u016f, kter\u00e9 poch\u00e1z\u00ed i ze zahrani\u010d\u00ed. Nav\u00edc kv\u011bty jsou dob\u0159e o\u0161et\u0159en\u00e9 a tak barvy neblednou a ani neztr\u00e1c\u00ed tvar. Tak\u017ee je t\u0159eba se vydat na n\u00e1kupy a poohl\u00e9dnout se po aran\u017eovac\u00ed hmot\u011b, nesm\u00ed chyb\u011bt n\u011bjak\u00e1 su\u0161en\u00e1 kv\u011btina \u2013 Florservice a chybu neud\u011bl\u00e1me ani s r\u016fzn\u00fdmi plody a dal\u0161\u00edmi dopl\u0148ky.   Na tvo\u0159en\u00ed nen\u00ed \u010das? Nevad\u00ed, jde to i jinak N\u011bkdy n\u00e1s v\u011bci skute\u010dn\u011b napadnou na posledn\u00ed chv\u00edli a nem\u00e1me ani \u010das si v\u0161echno vytvo\u0159it v klidu a podle sv\u00fdch p\u0159edstav, co\u017e to se jedn\u00e1 hlavn\u011b v p\u0159\u00edpad\u011b d\u00e1rku. Pot\u00e9 chybu neud\u011bl\u00e1me, kdy\u017e se pod\u00edv\u00e1me na hotov\u00e9 kytice nebo z\u00e1v\u011bsn\u00e9 dekorace ze su\u0161en\u00fdch kv\u011btin a p\u0159\u00edrodn\u00edch dopl\u0148k\u016f. Origin\u00e1ln\u00ed dekorace je tak p\u0159ipravena pro ka\u017edou p\u0159\u00edle\u017eitost a m\u016f\u017ee b\u00fdt i motivuj\u00edc\u00ed pro vlastn\u00ed tvorbu, kdy si sami m\u016f\u017eeme vytvo\u0159it skv\u011bl\u00fd origin\u00e1ln\u00ed bytov\u00fd dopln\u011bk.                                                                                                                                                                                                                                                                                                                                                                                          4.3\/5 - (9 votes)        "},{"@context":"https:\/\/schema.org\/","@type":"BreadcrumbList","itemListElement":[{"@type":"ListItem","position":1,"name":"I mal\u00e1 kyti\u010dka pot\u011b\u0161\u00ed","item":"https:\/\/www.danner.cz\/i-mala-kyticka-potesi\/#breadcrumbitem"}]}]