[{"@context":"https:\/\/schema.org\/","@type":"Article","@id":"https:\/\/www.danner.cz\/politika-me-nebere\/#Article","mainEntityOfPage":"https:\/\/www.danner.cz\/politika-me-nebere\/","headline":"Politika m\u011b nebere","name":"Politika m\u011b nebere","description":"Politika m\u011b skoro nikdy nezaj\u00edmala. Jenom\u017ee o politiku jsem se za\u010dala zaj\u00edmat tehdy, kdy\u017e jsem...","datePublished":"2022-08-23","dateModified":"2023-05-01","author":{"@type":"Person","@id":"https:\/\/www.danner.cz\/author\/devene\/#Person","name":"devene","url":"https:\/\/www.danner.cz\/author\/devene\/","identifier":1,"image":{"@type":"ImageObject","@id":"https:\/\/secure.gravatar.com\/avatar\/01173f1da90dde8adb887d6793fa4e42c4004e53f8d645d9b1cb57c2dee8e188?s=96&d=mm&r=g","url":"https:\/\/secure.gravatar.com\/avatar\/01173f1da90dde8adb887d6793fa4e42c4004e53f8d645d9b1cb57c2dee8e188?s=96&d=mm&r=g","height":96,"width":96}},"publisher":{"@type":"Organization","name":"danner.cz","logo":{"@type":"ImageObject","@id":"\/logo.png","url":"\/logo.png","width":600,"height":60}},"image":{"@type":"ImageObject","@id":"https:\/\/www.danner.cz\/wp-content\/uploads\/handshake-3378251_960_720_1.jpg","url":"https:\/\/www.danner.cz\/wp-content\/uploads\/handshake-3378251_960_720_1.jpg","height":0,"width":0},"url":"https:\/\/www.danner.cz\/politika-me-nebere\/","about":["Politika"],"wordCount":415,"articleBody":"Politika m\u011b skoro nikdy nezaj\u00edmala. Jenom\u017ee o politiku jsem se za\u010dala zaj\u00edmat tehdy, kdy\u017e jsem si na\u0161la p\u0159\u00edtele, kter\u00fd se zaj\u00edmal o politiku. M\u016fj p\u0159\u00edtel dokonce cht\u011bl taky do politiky n\u011bjak vej\u00edt. Cht\u011bl se v politice anga\u017eovat. Mus\u00edm se p\u0159iznat, \u017ee jsem z toho nebyla zrovna dvakr\u00e1t nad\u0161en\u00e1. Zkou\u0161ela jsem p\u0159\u00edteli tohle asi \u010dty\u0159ikr\u00e1t vymlouvat, nebo mo\u017en\u00e1 i v\u00edckr\u00e1t, proto\u017ee jsem necht\u011bla, aby m\u016fj p\u0159\u00edtel byl ter\u010dem posm\u011bchu. Proto\u017ee v na\u0161\u00ed rodin\u011b politika odjak\u017eiva byla ter\u010dem posm\u011bchu. Mus\u00edm se p\u0159iznat, abych byla up\u0159\u00edmn\u00e1, tak v\u016fbec nev\u00edm pro\u010d, proto\u017ee m\u011b politika p\u0159ijde naprosto nezaj\u00edmav\u00e1 a beru ji jako \u00fapln\u011b nezaj\u00edmavou.Jenom\u017ee taky j\u00ed v\u016fbec nepomlouv\u00e1m ani n\u011bjak nechv\u00e1l\u00edm. A tak v\u016fbec nech\u00e1pu, jak m\u00ed rodi\u010de tohle maj\u00ed r\u00e1di. Pro\u010d se sm\u011bj\u00ed? A pro\u010d to mus\u00ed pomlouvat. V\u017edy\u0165 je p\u0159ece logick\u00e9, \u017ee nikdy nev\u00edte, \u017ee potk\u00e1te n\u011bkoho, kdo se v politice anga\u017euje nebo tam m\u00e1 n\u011bkoho z rodiny. J\u00e1 si na tohle d\u00e1v\u00e1m opravdu velk\u00fd pozor. Nechci, aby m\u011b lidi odsuzovali jenom kv\u016fli tomu, \u017ee nem\u00e1m r\u00e1da politiku. V\u017edy\u0165 je to p\u0159eci ka\u017ed\u00e9ho v\u011bc? A i kdy\u017e p\u0159\u00edtel tedy v politice je, nakonec se tam anga\u017eoval, tak j\u00e1 to respektuji a toleruji. Je to p\u0159ece jeho \u017eivot. Nem\u016f\u017eu mu p\u0159ece v\u0161echno za\u0159izovat anebo v\u0161echno zakazovat. On mi taky nic nezakazuje. A j\u00e1 jsem za to r\u00e1da. J\u00e1 si mysl\u00edm, \u017ee ve vztahu, ale taky v rodin\u011b a v\u0161ude jinde, mus\u00ed panovat n\u011bjak\u00e1 tolerance a taky n\u011bjak\u00fd kompromis.\u00a0Vemte\u00a0si, kdy by to neexistovalo. Kdyby nebyla tolerance a kompromis. V\u016fbec bych necht\u011bla vid\u011bt, jak by vypadal n\u00e1\u0161 sv\u011bt. Anebo politick\u00e9 d\u011bn\u00ed. Mysl\u00edm si, \u017ee bez kompromisu by se na\u0161e politika asi zhroutila nebo mysl\u00edte si, \u017ee v politice kompromis v\u016fbec neexistuje? V\u0161ichni v\u00edme \u017ee politika je\u00a0opravdu\u00a0slo\u017eit\u00e1 a \u017ee n\u011bkdy i expert m\u00e1 velk\u00fd probl\u00e9m se v politick\u00e9m d\u011bn\u00ed a politick\u00fdch stran\u00e1ch dob\u0159e vyznat. A jak si vedete v politice vy?                                                                                                                                                                                                                                                                                                                                                                                        4\/5 - (15 votes)        "},{"@context":"https:\/\/schema.org\/","@type":"BreadcrumbList","itemListElement":[{"@type":"ListItem","position":1,"name":"Politika m\u011b nebere","item":"https:\/\/www.danner.cz\/politika-me-nebere\/#breadcrumbitem"}]}]