[{"@context":"https:\/\/schema.org\/","@type":"Article","@id":"https:\/\/www.danner.cz\/sledujete-politiku\/#Article","mainEntityOfPage":"https:\/\/www.danner.cz\/sledujete-politiku\/","headline":"Sledujete politiku?","name":"Sledujete politiku?","description":"Pov\u00edm v\u00e1m, \u017ee je opravdu n\u00e1ro\u010dn\u00e9 a slo\u017eit\u00e9, abyste opravdu skv\u011ble pochopili politiku, proto\u017ee ne...","datePublished":"2025-02-04","dateModified":"2025-02-04","author":{"@type":"Person","@id":"https:\/\/www.danner.cz\/author\/devene\/#Person","name":"devene","url":"https:\/\/www.danner.cz\/author\/devene\/","identifier":1,"image":{"@type":"ImageObject","@id":"https:\/\/secure.gravatar.com\/avatar\/01173f1da90dde8adb887d6793fa4e42c4004e53f8d645d9b1cb57c2dee8e188?s=96&d=mm&r=g","url":"https:\/\/secure.gravatar.com\/avatar\/01173f1da90dde8adb887d6793fa4e42c4004e53f8d645d9b1cb57c2dee8e188?s=96&d=mm&r=g","height":96,"width":96}},"publisher":{"@type":"Organization","name":"danner.cz","logo":{"@type":"ImageObject","@id":"\/logo.png","url":"\/logo.png","width":600,"height":60}},"image":{"@type":"ImageObject","@id":"https:\/\/www.danner.cz\/wp-content\/uploads\/right-4944550_640_5.jpg","url":"https:\/\/www.danner.cz\/wp-content\/uploads\/right-4944550_640_5.jpg","height":0,"width":0},"url":"https:\/\/www.danner.cz\/sledujete-politiku\/","about":["Politika"],"wordCount":421,"articleBody":"Pov\u00edm v\u00e1m, \u017ee je opravdu n\u00e1ro\u010dn\u00e9 a slo\u017eit\u00e9, abyste opravdu skv\u011ble pochopili politiku, proto\u017ee ne politika je v\u017edycky opravdu perfektn\u00ed a dokonal\u00e1. J\u00e1 sama jsem si \u0159ekla, \u017ee kdybych m\u011bla pochopit politiku, \u017ee bych se opravdu hodn\u011b m\u011bla o tom u\u010dit, nebo \u017ee bych tak\u00e9 mohla nav\u0161t\u011bvovat n\u011bjakou polytechnickou fakultu anebo teologickou fakultu. J\u00e1 tedy nejsem si p\u0159\u00edmo jist\u00e1, jestli tyhle fakulty a tyhle \u0161koly vlastn\u011b u\u010d\u00ed politiku, nebo \u017ee by to byla politologie? Mo\u017en\u00e1 ano, ale mn\u011b se tohle v\u0161echno plete a plete se mi to mo\u017en\u00e1 kv\u016fli tomu, \u017ee o politiku nev\u00edm, tak extra velik\u00fd z\u00e1jem jako moje rodina.A vzpom\u00edn\u00e1m si, \u017ee kdy\u017e jsem byla mlad\u0161\u00ed, tak jsme se sourozenci jezdili k prarodi\u010d\u016fm na chatu a potom tak\u00e9 k nim na zahradu. Proto\u017ee moji prarodi\u010de m\u011bli opravdu velik\u00fd statek, kde m\u011bli spoustu zv\u00ed\u0159at. A tak prarodi\u010de byli opravdu velice r\u00e1di, kdy\u017e jsme jim tak\u00e9 pom\u00e1hali se zv\u00ed\u0159aty a tak\u00e9 se statkem a celkov\u011b z dom\u00e1cnost\u00ed. Proto\u017ee babi\u010dka zrovna v l\u00e9t\u011b m\u011bla zlomenou nohu a byla r\u00e1da, \u017ee tam m\u00e1 dal\u0161\u00ed ruce k pomoci. Ale tak\u00e9 m\u011b docela vadilo, \u017ee babi\u010dka s d\u011bde\u010dkem se st\u00e1le bavily jenom o politice. A kolikr\u00e1t to tak\u00e9 jenom h\u00e1dali. H\u00e1dali se kv\u016fli tomu, kdo m\u00e1 pr\u00e1v\u011b pravdu v politice m\u011b tohle v\u016fbec nebavilo.Nejhor\u0161\u00ed bylo, kdy\u017e j\u00e1 a bratr jsme m\u011bli b\u00fdt spole\u010dn\u00edci, sestra byla opravdu mlad\u0161\u00ed, tak ta tady nebyla. Ona se o politice v\u016fbec nebavila, ale babi\u010dka cht\u011bla po mn\u011b a po m\u00e9m bratrovi, abychom se tak\u00e9 vyj\u00e1d\u0159ili k n\u011bjak\u00e9 politick\u00e9 debat\u011b. Bychom je vlastn\u011b takzvan\u011b rozsekli v n\u00e1zoru. Jenom\u017ee jak m\u00e1me n\u011bkoho rozseknout v politick\u00e9 debat\u011b, kdy\u017e se ani jeden nevyzn\u00e1me v politice \u00fapln\u011b perfektn\u011b. Babi\u010dka pr\u00e1v\u011b se o politice s d\u011bde\u010dkem bavila opravdu velice \u010dasto. A bavili se docela hust\u011b, n\u011bkdy to dopadlo tak, \u017ee oni 2 se poh\u00e1dali a potom d\u011bde\u010dek ode\u0161el do hospody a vr\u00e1tili se t\u0159eba a\u017e druh\u00fd den. Kdyby takhle to d\u011blal m\u016fj partner nyn\u00ed, tak bych z toho byla opravdu hodn\u011b ne\u0161\u0165astn\u00e1 a v\u016fbec bych se s partnerem necht\u011bla bavit o politice.\u00a0                                                                                                                                                                                                                                                                                                                                                                                        3.4\/5 - (11 votes)        "},{"@context":"https:\/\/schema.org\/","@type":"BreadcrumbList","itemListElement":[{"@type":"ListItem","position":1,"name":"Sledujete politiku?","item":"https:\/\/www.danner.cz\/sledujete-politiku\/#breadcrumbitem"}]}]