[{"@context":"https:\/\/schema.org\/","@type":"Article","@id":"https:\/\/www.danner.cz\/turistika-s-detmi\/#Article","mainEntityOfPage":"https:\/\/www.danner.cz\/turistika-s-detmi\/","headline":"Turistika s d\u011btmi","name":"Turistika s d\u011btmi","description":"V\u0161e za\u010dn\u011bte motivac\u00ed d\u011bt\u00ed. Je dobr\u00e9 je sezn\u00e1mit s\u00a0t\u00edm, pro\u010d na hory chod\u00edte, co na...","datePublished":"2022-03-21","dateModified":"2023-05-01","author":{"@type":"Person","@id":"https:\/\/www.danner.cz\/author\/devene\/#Person","name":"devene","url":"https:\/\/www.danner.cz\/author\/devene\/","identifier":1,"image":{"@type":"ImageObject","@id":"https:\/\/secure.gravatar.com\/avatar\/01173f1da90dde8adb887d6793fa4e42c4004e53f8d645d9b1cb57c2dee8e188?s=96&d=mm&r=g","url":"https:\/\/secure.gravatar.com\/avatar\/01173f1da90dde8adb887d6793fa4e42c4004e53f8d645d9b1cb57c2dee8e188?s=96&d=mm&r=g","height":96,"width":96}},"publisher":{"@type":"Organization","name":"danner.cz","logo":{"@type":"ImageObject","@id":"\/logo.png","url":"\/logo.png","width":600,"height":60}},"image":{"@type":"ImageObject","@id":"https:\/\/www.danner.cz\/wp-content\/uploads\/pexels-johannes-plenio-1567058_3.jpg","url":"https:\/\/www.danner.cz\/wp-content\/uploads\/pexels-johannes-plenio-1567058_3.jpg","height":0,"width":0},"url":"https:\/\/www.danner.cz\/turistika-s-detmi\/","about":["\u017divotn\u00ed styl"],"wordCount":463,"articleBody":"V\u0161e za\u010dn\u011bte motivac\u00ed d\u011bt\u00ed. Je dobr\u00e9 je sezn\u00e1mit s\u00a0t\u00edm, pro\u010d na hory chod\u00edte, co na nich je mo\u017en\u00e9 vid\u011bt, uk\u00e1zat jim na map\u011b, kudy bude trasa va\u0161\u00ed t\u00fary prob\u00edhat.\u00a0D\u011bti maj\u00ed r\u00e1dy r\u016fzn\u00e9 v\u00fdzvy, v\u0161elijak\u00e9 c\u00edle. Uka\u017ete jim t\u0159eba nejvy\u0161\u0161\u00ed m\u00edsto va\u0161\u00ed t\u00fary. Nev\u00e1hejte vyhl\u00e1sit vrcholovou pr\u00e9mii. V\u016fbec postupn\u00e9 c\u00edle jsou samy o sob\u011b pro d\u011bti velik\u00fdm l\u00e1kadlem. V\u00edce v\u0161e pro\u017e\u00edvaj\u00ed, t\u011b\u0161\u00ed se na dal\u0161\u00ed a dal\u0161\u00ed pr\u00e9mie, na to co tam uvid\u00ed, co tam dostanou za odm\u011bnu.Velmi osv\u011bd\u010den\u00fdm zp\u016fsobem jak udr\u017eet motivaci d\u00edt\u011bte je i veden\u00ed jeho vlastn\u00edho turistick\u00e9ho den\u00ed\u010dku. Kdysi jsme takov\u00e9mu z\u00e1pisn\u00edku \u0159\u00edkali Canc\u00e1k. To proto, \u017ee se do n\u011bj zaznamen\u00e1vali cancy, d\u016fle\u017eit\u00e9 i ned\u016fle\u017eit\u00e9 pozorov\u00e1n\u00ed. Pokud d\u00edt\u011b ji\u017e ovl\u00e1d\u00e1 psan\u00ed, a\u0165 si tam nap\u00ed\u0161e, co chce. Pokud ps\u00e1t je\u0161t\u011b neum\u00ed, m\u016f\u017ee sv\u016fj pro\u017eitek zaznamenat mal\u016fvkou. Za rok budete velice p\u0159\u00edjemn\u011b p\u0159ekvapeni, kdy\u017e na hor\u00e1ch otev\u0159ete canc\u00e1k a objev\u00edte z\u00e1znamy z\u00a0lo\u0148sk\u00fdch t\u00far.T\u00fara by pro d\u011bti m\u011bla b\u00fdt p\u0159im\u011b\u0159en\u00e9 vzd\u00e1lenosti a sp\u00ed\u0161e ne\u017e sportovn\u00ed v\u00fdstup na dominantn\u00ed horu, by m\u011bla respektovat fyzick\u00e9 mo\u017enost d\u00edt\u011bte.V\u00a0Beskydech je takov\u00e1 kr\u00e1sn\u00e1 t\u00fara z\u00a0Visalaj\u00ed k\u00a0hotelu Charbul\u00e1k a zp\u011bt. Je na ni v\u0161e co ke spole\u010dn\u00e9mu v\u00fd\u0161lapu pot\u0159ebujete. Dostatek motiva\u010dn\u00edch bod\u016f. Velkolep\u00e9 v\u00fdhledy. Ob\u010derstven\u00ed i pasouc\u00ed se ove\u010dky. Chcete-li d\u011btem uk\u00e1zat \u017eivot na hor\u00e1ch i z\u00a0t\u00e9 tvrd\u0161\u00ed str\u00e1nky, je mo\u017en\u00e9 v\u00a0jedn\u00e9 chat\u011b shl\u00e9dnout fotografie d\u016fsledk\u016f \u0159\u00e1d\u011bn\u00ed vl\u010d\u00ed sme\u010dky.Na Visalaje doraz\u00edte autem, \u010di autobusem. Hned ze startu v\u00e1s \u010dek\u00e1 p\u00e1r kilometr\u016f do kopce, ale \u017e\u00e1dn\u00e1 hr\u016fza to nen\u00ed. Kdy\u017e jste stoup\u00e1n\u00ed zdolali jste nedaleko B\u00edl\u00e9ho K\u0159\u00ed\u017ee, v\u00a0ned\u00e1vn\u00e9 historii v\u011bhlasn\u00e9ho horsk\u00e9ho st\u0159ediska.Po h\u0159ebeni se vyd\u00e1te sm\u011brem ke \u0160varn\u00e9 Hance. Je to horsk\u00e1 hospoda a rovn\u011b\u017e historicky v\u00fdznamn\u00e9 m\u00edsto. Nedaleko stoj\u00ed chata Hy\u017ea, ve kter\u00e9 jsou zm\u00edn\u011bn\u00e9 fotky s\u00a0vl\u010d\u00ed t\u00e9matikou.\u00a0Pak u\u017e jdete voln\u00fdm, lehce zvln\u011bn\u00fdm ter\u00e9nem, kolem pasouc\u00edch se ove\u010dek a\u017e k\u00a0hotelu Charbul\u00e1k.\u00a0D\u00e1te si ob\u011bd, d\u011btem koup\u00edte poh\u00e1r a vyd\u00e1te se zvolna cestou nazp\u00e1tek.                                                                                                                                                                                                                                                                                                                                                                                        4.4\/5 - (9 votes)        "},{"@context":"https:\/\/schema.org\/","@type":"BreadcrumbList","itemListElement":[{"@type":"ListItem","position":1,"name":"Turistika s d\u011btmi","item":"https:\/\/www.danner.cz\/turistika-s-detmi\/#breadcrumbitem"}]}]